{"id":5601,"date":"2025-08-29T12:19:48","date_gmt":"2025-08-29T10:19:48","guid":{"rendered":"https:\/\/smporres.archimadrid.es\/?p=5601"},"modified":"2025-08-29T12:42:23","modified_gmt":"2025-08-29T10:42:23","slug":"peregrinacion-de-los-jovenes-al-jubileo-de-roma-con-el-papa-leon-xiv","status":"publish","type":"post","link":"https:\/\/smporres.archimadrid.es\/?p=5601","title":{"rendered":"Peregrinaci\u00f3n de los j\u00f3venes al Jubileo de Roma con el Papa Le\u00f3n XIV"},"content":{"rendered":"\n<p>Del 30 de julio al 7 de agosto, un grupo de j\u00f3venes de la parroquia vivimos una experiencia que nunca olvidaremos: \u00a1nuestra peregrinaci\u00f3n a Roma para el Jubileo de los J\u00f3venes con el Papa Le\u00f3n XIV!<\/p>\n\n\n\n<p>El viaje empez\u00f3 con una parada en Civita Castellana, un pueblecito cerca de Roma. Nos acogieron con un cari\u00f1o incre\u00edble: nos prepararon una sala preciosa para la celebraci\u00f3n penitencial, nos invitaron a cenar, desayunar y comer\u2026 \u00a1y hasta nos dejaron dormir en el polideportivo! Fue impresionante ver c\u00f3mo unos desconocidos nos trataban con tanto cari\u00f1o.<\/p>\n\n\n\n<figure class=\"wp-block-image size-large\"><img loading=\"lazy\" decoding=\"async\" width=\"462\" height=\"1024\" src=\"https:\/\/smporres.archimadrid.es\/wp-content\/uploads\/2025\/08\/image-16-462x1024.jpeg\" alt=\"\" class=\"wp-image-5613\" srcset=\"https:\/\/smporres.archimadrid.es\/wp-content\/uploads\/2025\/08\/image-16-462x1024.jpeg 462w, https:\/\/smporres.archimadrid.es\/wp-content\/uploads\/2025\/08\/image-16-135x300.jpeg 135w, https:\/\/smporres.archimadrid.es\/wp-content\/uploads\/2025\/08\/image-16-694x1536.jpeg 694w, https:\/\/smporres.archimadrid.es\/wp-content\/uploads\/2025\/08\/image-16.jpeg 722w\" sizes=\"auto, (max-width: 462px) 100vw, 462px\" \/><\/figure>\n\n\n\n<p>Despu\u00e9s llegamos a nuestro \u201ccampamento base\u201d: un camping muy chulo, con bungal\u00f3s, piscina y zonas verdes donde convivimos a tope, hasta hab\u00eda m\u00fasica y fiesta durante la cena. <\/p>\n\n\n\n<figure class=\"wp-block-image size-full\"><img loading=\"lazy\" decoding=\"async\" width=\"543\" height=\"965\" src=\"https:\/\/smporres.archimadrid.es\/wp-content\/uploads\/2025\/08\/image-17.jpeg\" alt=\"\" class=\"wp-image-5617\" srcset=\"https:\/\/smporres.archimadrid.es\/wp-content\/uploads\/2025\/08\/image-17.jpeg 543w, https:\/\/smporres.archimadrid.es\/wp-content\/uploads\/2025\/08\/image-17-169x300.jpeg 169w\" sizes=\"auto, (max-width: 543px) 100vw, 543px\" \/><\/figure>\n\n\n\n<p>Desde all\u00ed fuimos a la Bas\u00edlica de San Pablo Extramuros, donde tuvimos una catequesis sobre la vida de san Pablo y su pasi\u00f3n por anunciar a Cristo. Terminamos el d\u00eda con cena y v\u00edsperas en comunidad.<\/p>\n\n\n\n<figure class=\"wp-block-image size-large\"><img loading=\"lazy\" decoding=\"async\" width=\"1024\" height=\"768\" src=\"https:\/\/smporres.archimadrid.es\/wp-content\/uploads\/2025\/08\/IMG_8136-1024x768.jpeg\" alt=\"\" class=\"wp-image-5603\" srcset=\"https:\/\/smporres.archimadrid.es\/wp-content\/uploads\/2025\/08\/IMG_8136-1024x768.jpeg 1024w, https:\/\/smporres.archimadrid.es\/wp-content\/uploads\/2025\/08\/IMG_8136-300x225.jpeg 300w, https:\/\/smporres.archimadrid.es\/wp-content\/uploads\/2025\/08\/IMG_8136-768x576.jpeg 768w, https:\/\/smporres.archimadrid.es\/wp-content\/uploads\/2025\/08\/IMG_8136-1536x1152.jpeg 1536w, https:\/\/smporres.archimadrid.es\/wp-content\/uploads\/2025\/08\/IMG_8136-2048x1536.jpeg 2048w\" sizes=\"auto, (max-width: 1024px) 100vw, 1024px\" \/><\/figure>\n\n\n\n<p>Uno de los momentos m\u00e1s fuertes fue el encuentro en Tor Vergata con el Papa. Hicimos una caminata largu\u00edsima bajo el sol (y con mochil\u00f3n incluido \ud83d\ude05). Llegamos reventados, pero felices. Por la tarde hubo m\u00fasica, cantos y ambiente festivo. Y cuando cay\u00f3 la noche, empez\u00f3 la vigilia con el Papa Le\u00f3n XIV. Dormimos al raso, entre estrellas y alguna que otra gota de lluvia, pero nada borr\u00f3 la emoci\u00f3n de estar all\u00ed. <br>Al amanecer celebramos la Eucarist\u00eda con el Papa, un momento de unidad con m\u00e1s de un mill\u00f3n de j\u00f3venes de todo el mundo.<\/p>\n\n\n\n<figure class=\"wp-block-image size-large\"><img loading=\"lazy\" decoding=\"async\" width=\"768\" height=\"1024\" src=\"https:\/\/smporres.archimadrid.es\/wp-content\/uploads\/2025\/08\/image-15-768x1024.jpeg\" alt=\"\" class=\"wp-image-5611\" srcset=\"https:\/\/smporres.archimadrid.es\/wp-content\/uploads\/2025\/08\/image-15-768x1024.jpeg 768w, https:\/\/smporres.archimadrid.es\/wp-content\/uploads\/2025\/08\/image-15-225x300.jpeg 225w, https:\/\/smporres.archimadrid.es\/wp-content\/uploads\/2025\/08\/image-15-1152x1536.jpeg 1152w, https:\/\/smporres.archimadrid.es\/wp-content\/uploads\/2025\/08\/image-15.jpeg 1200w\" sizes=\"auto, (max-width: 768px) 100vw, 768px\" \/><\/figure>\n\n\n\n<p>El d\u00eda siguiente fue tambi\u00e9n de impacto: participamos en el encuentro vocacional del Camino Neocatecumenal. Tras la catequesis de Kiko Arg\u00fcello, \u00a1miles de j\u00f3venes se levantaron respondiendo al llamado de Dios! M\u00e1s de 5.000 chicos para el sacerdocio y otras tantas chicas para la vida consagrada. Fue un momento de silencio, l\u00e1grimas y alegr\u00eda, porque sent\u00edamos que el Se\u00f1or sigue llamando hoy. De nuestra parroquia dos chicos y una chica. <\/p>\n\n\n\n<figure class=\"wp-block-image size-large\"><img loading=\"lazy\" decoding=\"async\" width=\"768\" height=\"1024\" src=\"https:\/\/smporres.archimadrid.es\/wp-content\/uploads\/2025\/08\/image-9-768x1024.jpeg\" alt=\"\" class=\"wp-image-5605\" srcset=\"https:\/\/smporres.archimadrid.es\/wp-content\/uploads\/2025\/08\/image-9-768x1024.jpeg 768w, https:\/\/smporres.archimadrid.es\/wp-content\/uploads\/2025\/08\/image-9-225x300.jpeg 225w, https:\/\/smporres.archimadrid.es\/wp-content\/uploads\/2025\/08\/image-9-1152x1536.jpeg 1152w, https:\/\/smporres.archimadrid.es\/wp-content\/uploads\/2025\/08\/image-9.jpeg 1200w\" sizes=\"auto, (max-width: 768px) 100vw, 768px\" \/><\/figure>\n\n\n\n<p>No pod\u00eda faltar el Vaticano. Entramos en la Bas\u00edlica de San Pedro, rezamos en la tumba del ap\u00f3stol y pedimos cada uno una gracia especial. Tambi\u00e9n conocimos las capillas y las tumbas de los papas. Por la tarde celebramos la Eucarist\u00eda en el camping.<\/p>\n\n\n\n<figure class=\"wp-block-image size-large\"><img loading=\"lazy\" decoding=\"async\" width=\"768\" height=\"1024\" src=\"https:\/\/smporres.archimadrid.es\/wp-content\/uploads\/2025\/08\/image-10-768x1024.jpeg\" alt=\"\" class=\"wp-image-5606\" srcset=\"https:\/\/smporres.archimadrid.es\/wp-content\/uploads\/2025\/08\/image-10-768x1024.jpeg 768w, https:\/\/smporres.archimadrid.es\/wp-content\/uploads\/2025\/08\/image-10-225x300.jpeg 225w, https:\/\/smporres.archimadrid.es\/wp-content\/uploads\/2025\/08\/image-10-1152x1536.jpeg 1152w, https:\/\/smporres.archimadrid.es\/wp-content\/uploads\/2025\/08\/image-10-1536x2048.jpeg 1536w, https:\/\/smporres.archimadrid.es\/wp-content\/uploads\/2025\/08\/image-10-scaled.jpeg 1920w\" sizes=\"auto, (max-width: 768px) 100vw, 768px\" \/><\/figure>\n\n\n\n<p>La historia tambi\u00e9n estuvo presente: visitamos el Coliseo y el Foro Romano, recordando a los m\u00e1rtires que dieron su vida por la fe. Despu\u00e9s fuimos a las bas\u00edlicas de Santa Mar\u00eda la Mayor y San Juan de Letr\u00e1n, rezando el Rosario en silencio mientras camin\u00e1bamos juntos. Momentos de paz, oraci\u00f3n y comuni\u00f3n.<\/p>\n\n\n\n<figure class=\"wp-block-image size-large\"><img loading=\"lazy\" decoding=\"async\" width=\"768\" height=\"1024\" src=\"https:\/\/smporres.archimadrid.es\/wp-content\/uploads\/2025\/08\/image-13-768x1024.jpeg\" alt=\"\" class=\"wp-image-5609\" srcset=\"https:\/\/smporres.archimadrid.es\/wp-content\/uploads\/2025\/08\/image-13-768x1024.jpeg 768w, https:\/\/smporres.archimadrid.es\/wp-content\/uploads\/2025\/08\/image-13-225x300.jpeg 225w, https:\/\/smporres.archimadrid.es\/wp-content\/uploads\/2025\/08\/image-13-1152x1536.jpeg 1152w, https:\/\/smporres.archimadrid.es\/wp-content\/uploads\/2025\/08\/image-13-1536x2048.jpeg 1536w, https:\/\/smporres.archimadrid.es\/wp-content\/uploads\/2025\/08\/image-13-scaled.jpeg 1920w\" sizes=\"auto, (max-width: 768px) 100vw, 768px\" \/><\/figure>\n\n\n\n<p>El \u00faltimo d\u00eda volvimos a Madrid con la mochila cargada\u2026 \u00a1pero esta vez no de peso, sino de alegr\u00eda! Hemos cruzado muchas Puertas Santas, hemos ganado el Jubileo, pero sobre todo hemos descubierto que Dios nos llama a ser testigos alegres de su amor.<\/p>\n\n\n\n<figure class=\"wp-block-image size-large\"><img loading=\"lazy\" decoding=\"async\" width=\"576\" height=\"1024\" src=\"https:\/\/smporres.archimadrid.es\/wp-content\/uploads\/2025\/08\/image-14-576x1024.jpeg\" alt=\"\" class=\"wp-image-5610\" srcset=\"https:\/\/smporres.archimadrid.es\/wp-content\/uploads\/2025\/08\/image-14-576x1024.jpeg 576w, https:\/\/smporres.archimadrid.es\/wp-content\/uploads\/2025\/08\/image-14-169x300.jpeg 169w, https:\/\/smporres.archimadrid.es\/wp-content\/uploads\/2025\/08\/image-14-768x1365.jpeg 768w, https:\/\/smporres.archimadrid.es\/wp-content\/uploads\/2025\/08\/image-14-864x1536.jpeg 864w, https:\/\/smporres.archimadrid.es\/wp-content\/uploads\/2025\/08\/image-14-1152x2048.jpeg 1152w, https:\/\/smporres.archimadrid.es\/wp-content\/uploads\/2025\/08\/image-14-scaled.jpeg 1440w\" sizes=\"auto, (max-width: 576px) 100vw, 576px\" \/><\/figure>\n\n\n\n<p>Ha sido un regalo inmenso, una experiencia de fe y de Iglesia que nos ha marcado. Y ahora nos toca llevar a nuestra parroquia todo lo que el Se\u00f1or nos regal\u00f3 en Roma.<\/p>\n","protected":false},"excerpt":{"rendered":"<p>Del 30 de julio al 7 de agosto, un grupo de j\u00f3venes de la parroquia vivimos una experiencia que nunca olvidaremos: \u00a1nuestra peregrinaci\u00f3n a Roma para el Jubileo de los [&hellip;]<\/p>\n","protected":false},"author":1,"featured_media":5604,"comment_status":"closed","ping_status":"closed","sticky":false,"template":"","format":"standard","meta":{"footnotes":""},"categories":[12],"tags":[],"class_list":["post-5601","post","type-post","status-publish","format-standard","has-post-thumbnail","hentry","category-noticias"],"_links":{"self":[{"href":"https:\/\/smporres.archimadrid.es\/index.php?rest_route=\/wp\/v2\/posts\/5601","targetHints":{"allow":["GET"]}}],"collection":[{"href":"https:\/\/smporres.archimadrid.es\/index.php?rest_route=\/wp\/v2\/posts"}],"about":[{"href":"https:\/\/smporres.archimadrid.es\/index.php?rest_route=\/wp\/v2\/types\/post"}],"author":[{"embeddable":true,"href":"https:\/\/smporres.archimadrid.es\/index.php?rest_route=\/wp\/v2\/users\/1"}],"replies":[{"embeddable":true,"href":"https:\/\/smporres.archimadrid.es\/index.php?rest_route=%2Fwp%2Fv2%2Fcomments&post=5601"}],"version-history":[{"count":4,"href":"https:\/\/smporres.archimadrid.es\/index.php?rest_route=\/wp\/v2\/posts\/5601\/revisions"}],"predecessor-version":[{"id":5619,"href":"https:\/\/smporres.archimadrid.es\/index.php?rest_route=\/wp\/v2\/posts\/5601\/revisions\/5619"}],"wp:featuredmedia":[{"embeddable":true,"href":"https:\/\/smporres.archimadrid.es\/index.php?rest_route=\/wp\/v2\/media\/5604"}],"wp:attachment":[{"href":"https:\/\/smporres.archimadrid.es\/index.php?rest_route=%2Fwp%2Fv2%2Fmedia&parent=5601"}],"wp:term":[{"taxonomy":"category","embeddable":true,"href":"https:\/\/smporres.archimadrid.es\/index.php?rest_route=%2Fwp%2Fv2%2Fcategories&post=5601"},{"taxonomy":"post_tag","embeddable":true,"href":"https:\/\/smporres.archimadrid.es\/index.php?rest_route=%2Fwp%2Fv2%2Ftags&post=5601"}],"curies":[{"name":"wp","href":"https:\/\/api.w.org\/{rel}","templated":true}]}}