{"id":5574,"date":"2025-08-29T01:14:24","date_gmt":"2025-08-28T23:14:24","guid":{"rendered":"https:\/\/smporres.archimadrid.es\/?p=5574"},"modified":"2025-08-29T01:29:19","modified_gmt":"2025-08-28T23:29:19","slug":"campaporres-2025","status":"publish","type":"post","link":"https:\/\/smporres.archimadrid.es\/?p=5574","title":{"rendered":"CampaPorres 2025"},"content":{"rendered":"\n<h1 class=\"wp-block-heading\">Jacob, la aventura de ser hermanos<\/h1>\n\n\n\n<p>Del 16 al 26 de julio, un grupo de ni\u00f1os, j\u00f3venes, monitores, catequistas y sacerdotes de la parroquia San Mart\u00edn de Porres, nos reunimos en Miraflores de la Sierra para vivir una nueva edici\u00f3n de nuestro campamento parroquial: <strong>CampaPorres 2025<\/strong>. <br>El lugar escogido fue el albergue <em>El Colladito<\/em>, un entorno privilegiado en plena sierra madrile\u00f1a, que se convirti\u00f3 durante diez d\u00edas en nuestra casa, nuestro punto de encuentro y nuestra peque\u00f1a gran familia.<\/p>\n\n\n\n<figure class=\"wp-block-image size-large\"><img loading=\"lazy\" decoding=\"async\" width=\"576\" height=\"1024\" src=\"https:\/\/smporres.archimadrid.es\/wp-content\/uploads\/2025\/08\/image-576x1024.jpeg\" alt=\"\" class=\"wp-image-5579\" srcset=\"https:\/\/smporres.archimadrid.es\/wp-content\/uploads\/2025\/08\/image-576x1024.jpeg 576w, https:\/\/smporres.archimadrid.es\/wp-content\/uploads\/2025\/08\/image-169x300.jpeg 169w, https:\/\/smporres.archimadrid.es\/wp-content\/uploads\/2025\/08\/image-768x1365.jpeg 768w, https:\/\/smporres.archimadrid.es\/wp-content\/uploads\/2025\/08\/image-864x1536.jpeg 864w, https:\/\/smporres.archimadrid.es\/wp-content\/uploads\/2025\/08\/image-1152x2048.jpeg 1152w, https:\/\/smporres.archimadrid.es\/wp-content\/uploads\/2025\/08\/image-scaled.jpeg 1440w\" sizes=\"auto, (max-width: 576px) 100vw, 576px\" \/><\/figure>\n\n\n\n<h2 class=\"wp-block-heading\">El tema: Jacob y la fraternidad<\/h2>\n\n\n\n<p>Cada campamento tiene un hilo conductor que lo hace especial. Este a\u00f1o nos acompa\u00f1\u00f3 la figura de <strong>Jacob<\/strong>, un personaje b\u00edblico tan humano como nosotros, con sus luces y sombras, con sus enga\u00f1os y reconciliaciones. A trav\u00e9s de su historia profundizamos en un tema muy cercano a todos: <strong>la relaci\u00f3n con los hermanos<\/strong>.<br>Jacob nos record\u00f3 que, aunque en la vida puedan surgir rivalidades, envidias o tensiones, Dios siempre est\u00e1 dispuesto a transformar esas heridas en caminos de fraternidad y reconciliaci\u00f3n. Este mensaje nos ayud\u00f3 a mirar nuestras propias relaciones \u2014en casa, con los amigos, en la parroquia\u2014 y descubrir c\u00f3mo el Se\u00f1or nos llama a construir puentes en lugar de muros.<\/p>\n\n\n\n<figure class=\"wp-block-image size-large\"><img loading=\"lazy\" decoding=\"async\" width=\"576\" height=\"1024\" src=\"https:\/\/smporres.archimadrid.es\/wp-content\/uploads\/2025\/08\/image-1-576x1024.jpeg\" alt=\"\" class=\"wp-image-5580\" srcset=\"https:\/\/smporres.archimadrid.es\/wp-content\/uploads\/2025\/08\/image-1-576x1024.jpeg 576w, https:\/\/smporres.archimadrid.es\/wp-content\/uploads\/2025\/08\/image-1-169x300.jpeg 169w, https:\/\/smporres.archimadrid.es\/wp-content\/uploads\/2025\/08\/image-1-768x1365.jpeg 768w, https:\/\/smporres.archimadrid.es\/wp-content\/uploads\/2025\/08\/image-1-864x1536.jpeg 864w, https:\/\/smporres.archimadrid.es\/wp-content\/uploads\/2025\/08\/image-1-1152x2048.jpeg 1152w, https:\/\/smporres.archimadrid.es\/wp-content\/uploads\/2025\/08\/image-1-scaled.jpeg 1440w\" sizes=\"auto, (max-width: 576px) 100vw, 576px\" \/><\/figure>\n\n\n\n<h2 class=\"wp-block-heading\">La vida diaria en el campamento<\/h2>\n\n\n\n<p>Los d\u00edas en <em>El Colladito<\/em> estaban llenos de vida. Cada ma\u00f1ana arranc\u00e1bamos rezando <strong>Laudes<\/strong>, poniendo el d\u00eda en manos de Dios y recordando que la oraci\u00f3n es la mejor br\u00fajula para caminar. Despu\u00e9s del desayuno, llegaba el momento de los <strong>juegos y actividades<\/strong>, siempre ambientados en la vida de Jacob y su familia: gymkanas, retos en equipo, pruebas de ingenio y grandes juegos que nos ayudaban a trabajar juntos y a divertirnos a lo grande.<\/p>\n\n\n\n<figure class=\"wp-block-image size-large\"><img loading=\"lazy\" decoding=\"async\" width=\"1024\" height=\"768\" src=\"https:\/\/smporres.archimadrid.es\/wp-content\/uploads\/2025\/08\/image-6-1024x768.jpeg\" alt=\"\" class=\"wp-image-5585\" srcset=\"https:\/\/smporres.archimadrid.es\/wp-content\/uploads\/2025\/08\/image-6-1024x768.jpeg 1024w, https:\/\/smporres.archimadrid.es\/wp-content\/uploads\/2025\/08\/image-6-300x225.jpeg 300w, https:\/\/smporres.archimadrid.es\/wp-content\/uploads\/2025\/08\/image-6-768x576.jpeg 768w, https:\/\/smporres.archimadrid.es\/wp-content\/uploads\/2025\/08\/image-6-1536x1152.jpeg 1536w, https:\/\/smporres.archimadrid.es\/wp-content\/uploads\/2025\/08\/image-6.jpeg 1966w\" sizes=\"auto, (max-width: 1024px) 100vw, 1024px\" \/><\/figure>\n\n\n\n<p>El calor de julio se combat\u00eda en la <strong>piscina<\/strong>, que se convirti\u00f3 en uno de los lugares favoritos de todos. La alegr\u00eda, los chapuzones y las risas compartidas reforzaban la sensaci\u00f3n de familia.<\/p>\n\n\n\n<figure class=\"wp-block-image size-large\"><img loading=\"lazy\" decoding=\"async\" width=\"768\" height=\"1024\" src=\"https:\/\/smporres.archimadrid.es\/wp-content\/uploads\/2025\/08\/image-4-768x1024.jpeg\" alt=\"\" class=\"wp-image-5583\" srcset=\"https:\/\/smporres.archimadrid.es\/wp-content\/uploads\/2025\/08\/image-4-768x1024.jpeg 768w, https:\/\/smporres.archimadrid.es\/wp-content\/uploads\/2025\/08\/image-4-225x300.jpeg 225w, https:\/\/smporres.archimadrid.es\/wp-content\/uploads\/2025\/08\/image-4-1152x1536.jpeg 1152w, https:\/\/smporres.archimadrid.es\/wp-content\/uploads\/2025\/08\/image-4-1536x2048.jpeg 1536w, https:\/\/smporres.archimadrid.es\/wp-content\/uploads\/2025\/08\/image-4-scaled.jpeg 1920w\" sizes=\"auto, (max-width: 768px) 100vw, 768px\" \/><\/figure>\n\n\n\n<p>Las tardes ten\u00edan un momento central: la <strong>celebraci\u00f3n de la Eucarist\u00eda<\/strong>. All\u00ed todo lo vivido durante el d\u00eda encontraba sentido. La Palabra de Dios y la homil\u00eda nos ayudaban a conectar los juegos, las experiencias y las convivencias con la ense\u00f1anza de Jacob y con nuestra propia vida. Este a\u00f1o tuvimos un regalo especial, nos visit\u00f3 el Obispo auxiliar de Madrid, D. Vicente Mart\u00edn, y celebr\u00f3 la misa con nosotros. <\/p>\n\n\n\n<figure class=\"wp-block-image size-large\"><img loading=\"lazy\" decoding=\"async\" width=\"1024\" height=\"576\" src=\"https:\/\/smporres.archimadrid.es\/wp-content\/uploads\/2025\/08\/image-2-1024x576.jpeg\" alt=\"\" class=\"wp-image-5581\" srcset=\"https:\/\/smporres.archimadrid.es\/wp-content\/uploads\/2025\/08\/image-2-1024x576.jpeg 1024w, https:\/\/smporres.archimadrid.es\/wp-content\/uploads\/2025\/08\/image-2-300x169.jpeg 300w, https:\/\/smporres.archimadrid.es\/wp-content\/uploads\/2025\/08\/image-2-768x432.jpeg 768w, https:\/\/smporres.archimadrid.es\/wp-content\/uploads\/2025\/08\/image-2-1536x864.jpeg 1536w, https:\/\/smporres.archimadrid.es\/wp-content\/uploads\/2025\/08\/image-2-2048x1152.jpeg 2048w\" sizes=\"auto, (max-width: 1024px) 100vw, 1024px\" \/><\/figure>\n\n\n\n<p>Por la noche, llegaban las esperadas <strong>veladas<\/strong>: teatros, concursos, juegos de misterio y actividades nocturnas en las que la imaginaci\u00f3n y la diversi\u00f3n no ten\u00edan l\u00edmites. Tambi\u00e9n disfrutamos de <strong>excursiones por la sierra<\/strong>, que nos regalaron la oportunidad de contemplar la belleza de la naturaleza, descansar del bullicio y compartir momentos \u00fanicos de fraternidad.<\/p>\n\n\n\n<figure class=\"wp-block-image size-full\"><img loading=\"lazy\" decoding=\"async\" width=\"627\" height=\"836\" src=\"https:\/\/smporres.archimadrid.es\/wp-content\/uploads\/2025\/08\/image-3.jpeg\" alt=\"\" class=\"wp-image-5582\" srcset=\"https:\/\/smporres.archimadrid.es\/wp-content\/uploads\/2025\/08\/image-3.jpeg 627w, https:\/\/smporres.archimadrid.es\/wp-content\/uploads\/2025\/08\/image-3-225x300.jpeg 225w\" sizes=\"auto, (max-width: 627px) 100vw, 627px\" \/><\/figure>\n\n\n\n<h2 class=\"wp-block-heading\">Un campamento para rezar y jugar<\/h2>\n\n\n\n<p>El equilibrio fue perfecto: rezamos y jugamos, reflexionamos y re\u00edmos, tuvimos momentos de silencio y momentos de algarab\u00eda. Todo ello con la certeza de que el Se\u00f1or estaba presente en cada detalle, en cada amistad, en cada sonrisa compartida.<\/p>\n\n\n\n<figure class=\"wp-block-image size-large\"><img loading=\"lazy\" decoding=\"async\" width=\"768\" height=\"1024\" src=\"https:\/\/smporres.archimadrid.es\/wp-content\/uploads\/2025\/08\/image-7-768x1024.jpeg\" alt=\"\" class=\"wp-image-5586\" srcset=\"https:\/\/smporres.archimadrid.es\/wp-content\/uploads\/2025\/08\/image-7-768x1024.jpeg 768w, https:\/\/smporres.archimadrid.es\/wp-content\/uploads\/2025\/08\/image-7-225x300.jpeg 225w, https:\/\/smporres.archimadrid.es\/wp-content\/uploads\/2025\/08\/image-7-1152x1536.jpeg 1152w, https:\/\/smporres.archimadrid.es\/wp-content\/uploads\/2025\/08\/image-7-1536x2048.jpeg 1536w, https:\/\/smporres.archimadrid.es\/wp-content\/uploads\/2025\/08\/image-7-scaled.jpeg 1920w\" sizes=\"auto, (max-width: 768px) 100vw, 768px\" \/><\/figure>\n\n\n\n<p>Los monitores dieron lo mejor de s\u00ed mismos en cada actividad, cuidando de que los ni\u00f1os y j\u00f3venes vivieran estos d\u00edas con intensidad, alegr\u00eda y seguridad. Y los chicos respondieron con entusiasmo, con ganas de pasarlo bien, de aprender y de abrir el coraz\u00f3n a Dios.<\/p>\n\n\n\n<h2 class=\"wp-block-heading\">Frutos del CampaPorres<\/h2>\n\n\n\n<p>Al terminar estos diez d\u00edas, todos volvimos a casa con el coraz\u00f3n lleno de gratitud. Hemos descubierto que la historia de Jacob sigue viva en nosotros, que tambi\u00e9n nosotros estamos llamados a reconciliarnos, a aprender a convivir y a valorar el regalo de tener hermanos.<\/p>\n\n\n\n<figure class=\"wp-block-image size-large\"><img loading=\"lazy\" decoding=\"async\" width=\"768\" height=\"1024\" src=\"https:\/\/smporres.archimadrid.es\/wp-content\/uploads\/2025\/08\/IMG_1295_Original-768x1024.jpeg\" alt=\"\" class=\"wp-image-5590\" srcset=\"https:\/\/smporres.archimadrid.es\/wp-content\/uploads\/2025\/08\/IMG_1295_Original-768x1024.jpeg 768w, https:\/\/smporres.archimadrid.es\/wp-content\/uploads\/2025\/08\/IMG_1295_Original-225x300.jpeg 225w, https:\/\/smporres.archimadrid.es\/wp-content\/uploads\/2025\/08\/IMG_1295_Original-1152x1536.jpeg 1152w, https:\/\/smporres.archimadrid.es\/wp-content\/uploads\/2025\/08\/IMG_1295_Original-1536x2048.jpeg 1536w, https:\/\/smporres.archimadrid.es\/wp-content\/uploads\/2025\/08\/IMG_1295_Original-scaled.jpeg 1920w\" sizes=\"auto, (max-width: 768px) 100vw, 768px\" \/><\/figure>\n\n\n\n<p>El <strong>CampaPorres 2025<\/strong> ha sido mucho m\u00e1s que un campamento: ha sido una aut\u00e9ntica experiencia de Iglesia, un espacio en el que hemos crecido como personas, como cristianos y como comunidad.<\/p>\n\n\n\n<p>Ahora, al mirar atr\u00e1s, s\u00f3lo podemos decir: <strong>\u00a1Gracias, Se\u00f1or, por estos d\u00edas inolvidables!<\/strong><\/p>\n\n\n\n<p>Y como siempre, nos queda una certeza: <strong>ya contamos los d\u00edas para el pr\u00f3ximo CampaPorres<\/strong>.<\/p>\n\n\n\n<p><\/p>\n\n\n\n<figure class=\"wp-block-image size-large\"><img loading=\"lazy\" decoding=\"async\" width=\"768\" height=\"1024\" src=\"https:\/\/smporres.archimadrid.es\/wp-content\/uploads\/2025\/08\/image-5-768x1024.jpeg\" alt=\"\" class=\"wp-image-5584\" srcset=\"https:\/\/smporres.archimadrid.es\/wp-content\/uploads\/2025\/08\/image-5-768x1024.jpeg 768w, https:\/\/smporres.archimadrid.es\/wp-content\/uploads\/2025\/08\/image-5-225x300.jpeg 225w, https:\/\/smporres.archimadrid.es\/wp-content\/uploads\/2025\/08\/image-5-1152x1536.jpeg 1152w, https:\/\/smporres.archimadrid.es\/wp-content\/uploads\/2025\/08\/image-5-1536x2048.jpeg 1536w, https:\/\/smporres.archimadrid.es\/wp-content\/uploads\/2025\/08\/image-5-scaled.jpeg 1920w\" sizes=\"auto, (max-width: 768px) 100vw, 768px\" \/><\/figure>\n","protected":false},"excerpt":{"rendered":"<p>Jacob, la aventura de ser hermanos Del 16 al 26 de julio, un grupo de ni\u00f1os, j\u00f3venes, monitores, catequistas y sacerdotes de la parroquia San Mart\u00edn de Porres, nos reunimos [&hellip;]<\/p>\n","protected":false},"author":1,"featured_media":5593,"comment_status":"closed","ping_status":"closed","sticky":false,"template":"","format":"standard","meta":{"footnotes":""},"categories":[12],"tags":[],"class_list":["post-5574","post","type-post","status-publish","format-standard","has-post-thumbnail","hentry","category-noticias"],"_links":{"self":[{"href":"https:\/\/smporres.archimadrid.es\/index.php?rest_route=\/wp\/v2\/posts\/5574","targetHints":{"allow":["GET"]}}],"collection":[{"href":"https:\/\/smporres.archimadrid.es\/index.php?rest_route=\/wp\/v2\/posts"}],"about":[{"href":"https:\/\/smporres.archimadrid.es\/index.php?rest_route=\/wp\/v2\/types\/post"}],"author":[{"embeddable":true,"href":"https:\/\/smporres.archimadrid.es\/index.php?rest_route=\/wp\/v2\/users\/1"}],"replies":[{"embeddable":true,"href":"https:\/\/smporres.archimadrid.es\/index.php?rest_route=%2Fwp%2Fv2%2Fcomments&post=5574"}],"version-history":[{"count":9,"href":"https:\/\/smporres.archimadrid.es\/index.php?rest_route=\/wp\/v2\/posts\/5574\/revisions"}],"predecessor-version":[{"id":5600,"href":"https:\/\/smporres.archimadrid.es\/index.php?rest_route=\/wp\/v2\/posts\/5574\/revisions\/5600"}],"wp:featuredmedia":[{"embeddable":true,"href":"https:\/\/smporres.archimadrid.es\/index.php?rest_route=\/wp\/v2\/media\/5593"}],"wp:attachment":[{"href":"https:\/\/smporres.archimadrid.es\/index.php?rest_route=%2Fwp%2Fv2%2Fmedia&parent=5574"}],"wp:term":[{"taxonomy":"category","embeddable":true,"href":"https:\/\/smporres.archimadrid.es\/index.php?rest_route=%2Fwp%2Fv2%2Fcategories&post=5574"},{"taxonomy":"post_tag","embeddable":true,"href":"https:\/\/smporres.archimadrid.es\/index.php?rest_route=%2Fwp%2Fv2%2Ftags&post=5574"}],"curies":[{"name":"wp","href":"https:\/\/api.w.org\/{rel}","templated":true}]}}