{"id":5546,"date":"2025-05-23T13:03:16","date_gmt":"2025-05-23T11:03:16","guid":{"rendered":"https:\/\/smporres.archimadrid.es\/?p=5546"},"modified":"2025-05-23T13:09:53","modified_gmt":"2025-05-23T11:09:53","slug":"peregrinacion-a-palencia","status":"publish","type":"post","link":"https:\/\/smporres.archimadrid.es\/?p=5546","title":{"rendered":"Peregrinaci\u00f3n a Palencia"},"content":{"rendered":"\n<p>El pasado mi\u00e9rcoles 21 de mayo vivimos una jornada muy especial con la Hermandad de San Mart\u00edn de Porres. Realizamos una peregrinaci\u00f3n a la ciudad de Palencia.<\/p>\n\n\n\n<p>Nuestra primera parada fue la imponente Catedral de San Antol\u00edn, conocida como \u201cla Bella Desconocida\u201d. Esta magn\u00edfica catedral, mezcla de estilos rom\u00e1nico, g\u00f3tico y renacentista, nos impresion\u00f3 por su sobriedad exterior y la riqueza art\u00edstica de su interior. Tuvimos la oportunidad de recorrer sus capillas, admirar el retablo mayor y detenernos a rezar ante el Sant\u00edsimo, en un momento de recogimiento muy emotivo.<\/p>\n\n\n\n<figure class=\"wp-block-image size-large\"><img loading=\"lazy\" decoding=\"async\" width=\"768\" height=\"1024\" src=\"https:\/\/smporres.archimadrid.es\/wp-content\/uploads\/2025\/05\/f2546d0a-9191-488f-95f2-599bde2b819e-768x1024.jpeg\" alt=\"\" class=\"wp-image-5551\" srcset=\"https:\/\/smporres.archimadrid.es\/wp-content\/uploads\/2025\/05\/f2546d0a-9191-488f-95f2-599bde2b819e-768x1024.jpeg 768w, https:\/\/smporres.archimadrid.es\/wp-content\/uploads\/2025\/05\/f2546d0a-9191-488f-95f2-599bde2b819e-225x300.jpeg 225w, https:\/\/smporres.archimadrid.es\/wp-content\/uploads\/2025\/05\/f2546d0a-9191-488f-95f2-599bde2b819e-1152x1536.jpeg 1152w, https:\/\/smporres.archimadrid.es\/wp-content\/uploads\/2025\/05\/f2546d0a-9191-488f-95f2-599bde2b819e.jpeg 1536w\" sizes=\"auto, (max-width: 768px) 100vw, 768px\" \/><\/figure>\n\n\n\n<p>Despu\u00e9s de la visita, compartimos la comida en un restaurante cercano, donde disfrutamos de un rato distendido y lleno de conversaci\u00f3n, risas y buena compa\u00f1\u00eda.<\/p>\n\n\n\n<p>Por la tarde, nos dirigimos al monasterio de las monjas dominicas de Palencia. Fuimos acogidos con gran cari\u00f1o y sencillez. Las hermanas nos compartieron su testimonio de vida consagrada: su vocaci\u00f3n, su oraci\u00f3n diaria, su vida comunitaria, y c\u00f3mo viven su misi\u00f3n desde el silencio y la contemplaci\u00f3n. Fue un encuentro enriquecedor que nos dej\u00f3 el coraz\u00f3n lleno de paz.<\/p>\n\n\n\n<figure class=\"wp-block-image size-large\"><img loading=\"lazy\" decoding=\"async\" width=\"1024\" height=\"461\" src=\"https:\/\/smporres.archimadrid.es\/wp-content\/uploads\/2025\/05\/7b7edb7a-aae0-4e00-a41a-53422e75d909-1-1024x461.jpeg\" alt=\"\" class=\"wp-image-5552\" srcset=\"https:\/\/smporres.archimadrid.es\/wp-content\/uploads\/2025\/05\/7b7edb7a-aae0-4e00-a41a-53422e75d909-1-1024x461.jpeg 1024w, https:\/\/smporres.archimadrid.es\/wp-content\/uploads\/2025\/05\/7b7edb7a-aae0-4e00-a41a-53422e75d909-1-300x135.jpeg 300w, https:\/\/smporres.archimadrid.es\/wp-content\/uploads\/2025\/05\/7b7edb7a-aae0-4e00-a41a-53422e75d909-1-768x346.jpeg 768w, https:\/\/smporres.archimadrid.es\/wp-content\/uploads\/2025\/05\/7b7edb7a-aae0-4e00-a41a-53422e75d909-1-1536x691.jpeg 1536w, https:\/\/smporres.archimadrid.es\/wp-content\/uploads\/2025\/05\/7b7edb7a-aae0-4e00-a41a-53422e75d909-1.jpeg 1600w\" sizes=\"auto, (max-width: 1024px) 100vw, 1024px\" \/><\/figure>\n\n\n\n<p>Terminamos la jornada rezando con ellas las V\u00edsperas, uni\u00e9ndonos a su oraci\u00f3n con gratitud y recogimiento. Tras este momento de comuni\u00f3n espiritual, emprendimos el regreso a Madrid con el coraz\u00f3n lleno de gracias y el alma renovada.<\/p>\n\n\n\n<figure class=\"wp-block-image size-large\"><img loading=\"lazy\" decoding=\"async\" width=\"1024\" height=\"768\" src=\"https:\/\/smporres.archimadrid.es\/wp-content\/uploads\/2025\/05\/IMG_7241-1024x768.jpeg\" alt=\"\" class=\"wp-image-5553\" srcset=\"https:\/\/smporres.archimadrid.es\/wp-content\/uploads\/2025\/05\/IMG_7241-1024x768.jpeg 1024w, https:\/\/smporres.archimadrid.es\/wp-content\/uploads\/2025\/05\/IMG_7241-300x225.jpeg 300w, https:\/\/smporres.archimadrid.es\/wp-content\/uploads\/2025\/05\/IMG_7241-768x576.jpeg 768w, https:\/\/smporres.archimadrid.es\/wp-content\/uploads\/2025\/05\/IMG_7241-1536x1152.jpeg 1536w, https:\/\/smporres.archimadrid.es\/wp-content\/uploads\/2025\/05\/IMG_7241-2048x1536.jpeg 2048w\" sizes=\"auto, (max-width: 1024px) 100vw, 1024px\" \/><\/figure>\n\n\n\n<p>Damos gracias a Dios por esta jornada de peregrinaci\u00f3n, por cada uno de los que participaron, y por las personas que nos acogieron en Palencia.<\/p>\n\n\n\n<p><\/p>\n","protected":false},"excerpt":{"rendered":"<p>El pasado mi\u00e9rcoles 21 de mayo vivimos una jornada muy especial con la Hermandad de San Mart\u00edn de Porres. Realizamos una peregrinaci\u00f3n a la ciudad de Palencia. Nuestra primera parada [&hellip;]<\/p>\n","protected":false},"author":1,"featured_media":5548,"comment_status":"closed","ping_status":"closed","sticky":false,"template":"","format":"standard","meta":{"footnotes":""},"categories":[12],"tags":[],"class_list":["post-5546","post","type-post","status-publish","format-standard","has-post-thumbnail","hentry","category-noticias"],"_links":{"self":[{"href":"https:\/\/smporres.archimadrid.es\/index.php?rest_route=\/wp\/v2\/posts\/5546","targetHints":{"allow":["GET"]}}],"collection":[{"href":"https:\/\/smporres.archimadrid.es\/index.php?rest_route=\/wp\/v2\/posts"}],"about":[{"href":"https:\/\/smporres.archimadrid.es\/index.php?rest_route=\/wp\/v2\/types\/post"}],"author":[{"embeddable":true,"href":"https:\/\/smporres.archimadrid.es\/index.php?rest_route=\/wp\/v2\/users\/1"}],"replies":[{"embeddable":true,"href":"https:\/\/smporres.archimadrid.es\/index.php?rest_route=%2Fwp%2Fv2%2Fcomments&post=5546"}],"version-history":[{"count":3,"href":"https:\/\/smporres.archimadrid.es\/index.php?rest_route=\/wp\/v2\/posts\/5546\/revisions"}],"predecessor-version":[{"id":5554,"href":"https:\/\/smporres.archimadrid.es\/index.php?rest_route=\/wp\/v2\/posts\/5546\/revisions\/5554"}],"wp:featuredmedia":[{"embeddable":true,"href":"https:\/\/smporres.archimadrid.es\/index.php?rest_route=\/wp\/v2\/media\/5548"}],"wp:attachment":[{"href":"https:\/\/smporres.archimadrid.es\/index.php?rest_route=%2Fwp%2Fv2%2Fmedia&parent=5546"}],"wp:term":[{"taxonomy":"category","embeddable":true,"href":"https:\/\/smporres.archimadrid.es\/index.php?rest_route=%2Fwp%2Fv2%2Fcategories&post=5546"},{"taxonomy":"post_tag","embeddable":true,"href":"https:\/\/smporres.archimadrid.es\/index.php?rest_route=%2Fwp%2Fv2%2Ftags&post=5546"}],"curies":[{"name":"wp","href":"https:\/\/api.w.org\/{rel}","templated":true}]}}