{"id":5539,"date":"2025-05-01T13:58:20","date_gmt":"2025-05-01T11:58:20","guid":{"rendered":"https:\/\/smporres.archimadrid.es\/?p=5539"},"modified":"2025-09-03T04:07:32","modified_gmt":"2025-09-03T02:07:32","slug":"inscripcion-curso-2025-2026","status":"publish","type":"post","link":"https:\/\/smporres.archimadrid.es\/?p=5539","title":{"rendered":"Inscripci\u00f3n Curso 2025\/2026"},"content":{"rendered":"\n<p>\u00a1Hola familias!<\/p>\n\n\n\n<p>Desde el <strong>Blog de la Parroquia San Mart\u00edn de Porres<\/strong>, queremos invitar con mucha alegr\u00eda a todos los <strong>ni\u00f1os y j\u00f3venes<\/strong> a formar parte de las <strong>catequesis del curso 2025\/2026<\/strong> que comenzar\u00e1n en <strong>octubre<\/strong> y se impartir\u00e1n todos los <strong>viernes<\/strong> en nuestra parroquia.<\/p>\n\n\n\n<p>Este a\u00f1o ofrecemos los siguientes itinerarios de formaci\u00f3n:<\/p>\n\n\n\n<ul class=\"wp-block-list\">\n<li><strong>Catequesis de Primera Comuni\u00f3n<\/strong> (7-9 a\u00f1os)<\/li>\n\n\n\n<li><strong>Catequesis de Confirmaci\u00f3n<\/strong> (10-12 a\u00f1os)<\/li>\n\n\n\n<li><strong>Grupos de Post-Confirmaci\u00f3n<\/strong> (13-18 a\u00f1os)<\/li>\n\n\n\n<li><strong>Teolog\u00eda del Cuerpo <\/strong>(para j\u00f3venes mayores de 18 a\u00f1os)<\/li>\n<\/ul>\n\n\n\n<p>Participar en estas catequesis es mucho m\u00e1s que prepararse para recibir un sacramento: es una oportunidad para crecer en la <strong>fe<\/strong>, descubrir el amor de Dios, <strong>formar parte de una comunidad viva<\/strong>, y aprender a vivir los valores del Evangelio en el d\u00eda a d\u00eda.<\/p>\n\n\n\n<p>Los grupos de catequesis son espacios de <strong>acogida, amistad y acompa\u00f1amiento<\/strong>, donde se fortalece la <strong>identidad cristiana<\/strong>, se cultivan virtudes como la generosidad, el respeto y la responsabilidad, y se aprende a vivir con sentido, esperanza y alegr\u00eda.<\/p>\n\n\n\n<p>Invitamos a todos los padres a inscribir a sus hijos y animarles a caminar junto a otros j\u00f3venes en este proceso tan importante para su vida espiritual y personal.<\/p>\n\n\n\n<p>\ud83d\udcc5 <strong>Inicio de las catequesis<\/strong>: Octubre 2025<br>\ud83d\udccd <strong>Lugar<\/strong>: Parroquia San Mart\u00edn de Porres<br>\ud83d\udd53 <strong>D\u00eda y hora<\/strong>: Todos los viernes (horario por confirmar seg\u00fan grupo)<\/p>\n\n\n\n<p><a href=\"https:\/\/forms.gle\/DvXsx5WEHkQ8RWFg7\" target=\"_blank\" rel=\"noreferrer noopener\"><strong>Puedes inscribirte aqu\u00ed.<\/strong><\/a><\/p>\n\n\n\n<p>Para m\u00e1s informaci\u00f3n, pod\u00e9is acercaros al despacho parroquial o escribirnos a trav\u00e9s del correo: <a href=\"mailto:psmporres@archimadrid.es\">psmporres@archimadrid.es<\/a><\/p>\n\n\n\n<p>\u00a1Os esperamos con los brazos abiertos!<br><strong>Parroquia San Mart\u00edn de Porres<\/strong><\/p>\n\n\n\n<figure class=\"wp-block-image size-large\"><img loading=\"lazy\" decoding=\"async\" width=\"724\" height=\"1024\" src=\"https:\/\/smporres.archimadrid.es\/wp-content\/uploads\/2025\/05\/IMG_8628-724x1024.jpeg\" alt=\"\" class=\"wp-image-5625\" srcset=\"https:\/\/smporres.archimadrid.es\/wp-content\/uploads\/2025\/05\/IMG_8628-724x1024.jpeg 724w, https:\/\/smporres.archimadrid.es\/wp-content\/uploads\/2025\/05\/IMG_8628-212x300.jpeg 212w, https:\/\/smporres.archimadrid.es\/wp-content\/uploads\/2025\/05\/IMG_8628-768x1086.jpeg 768w, https:\/\/smporres.archimadrid.es\/wp-content\/uploads\/2025\/05\/IMG_8628-1086x1536.jpeg 1086w, https:\/\/smporres.archimadrid.es\/wp-content\/uploads\/2025\/05\/IMG_8628.jpeg 1414w\" sizes=\"auto, (max-width: 724px) 100vw, 724px\" \/><\/figure>\n\n\n\n<p><\/p>\n","protected":false},"excerpt":{"rendered":"<p>\u00a1Hola familias! Desde el Blog de la Parroquia San Mart\u00edn de Porres, queremos invitar con mucha alegr\u00eda a todos los ni\u00f1os y j\u00f3venes a formar parte de las catequesis del [&hellip;]<\/p>\n","protected":false},"author":1,"featured_media":5627,"comment_status":"closed","ping_status":"closed","sticky":true,"template":"","format":"standard","meta":{"footnotes":""},"categories":[51,12],"tags":[],"class_list":["post-5539","post","type-post","status-publish","format-standard","has-post-thumbnail","hentry","category-destacados","category-noticias"],"_links":{"self":[{"href":"https:\/\/smporres.archimadrid.es\/index.php?rest_route=\/wp\/v2\/posts\/5539","targetHints":{"allow":["GET"]}}],"collection":[{"href":"https:\/\/smporres.archimadrid.es\/index.php?rest_route=\/wp\/v2\/posts"}],"about":[{"href":"https:\/\/smporres.archimadrid.es\/index.php?rest_route=\/wp\/v2\/types\/post"}],"author":[{"embeddable":true,"href":"https:\/\/smporres.archimadrid.es\/index.php?rest_route=\/wp\/v2\/users\/1"}],"replies":[{"embeddable":true,"href":"https:\/\/smporres.archimadrid.es\/index.php?rest_route=%2Fwp%2Fv2%2Fcomments&post=5539"}],"version-history":[{"count":7,"href":"https:\/\/smporres.archimadrid.es\/index.php?rest_route=\/wp\/v2\/posts\/5539\/revisions"}],"predecessor-version":[{"id":5636,"href":"https:\/\/smporres.archimadrid.es\/index.php?rest_route=\/wp\/v2\/posts\/5539\/revisions\/5636"}],"wp:featuredmedia":[{"embeddable":true,"href":"https:\/\/smporres.archimadrid.es\/index.php?rest_route=\/wp\/v2\/media\/5627"}],"wp:attachment":[{"href":"https:\/\/smporres.archimadrid.es\/index.php?rest_route=%2Fwp%2Fv2%2Fmedia&parent=5539"}],"wp:term":[{"taxonomy":"category","embeddable":true,"href":"https:\/\/smporres.archimadrid.es\/index.php?rest_route=%2Fwp%2Fv2%2Fcategories&post=5539"},{"taxonomy":"post_tag","embeddable":true,"href":"https:\/\/smporres.archimadrid.es\/index.php?rest_route=%2Fwp%2Fv2%2Ftags&post=5539"}],"curies":[{"name":"wp","href":"https:\/\/api.w.org\/{rel}","templated":true}]}}