{"id":5459,"date":"2025-01-05T18:01:35","date_gmt":"2025-01-05T17:01:35","guid":{"rendered":"https:\/\/smporres.archimadrid.es\/?p=5459"},"modified":"2025-01-05T18:15:43","modified_gmt":"2025-01-05T17:15:43","slug":"una-visita-inolvidable-los-reyes-magos-en-la-parroquia-san-martin-de-porres","status":"publish","type":"post","link":"https:\/\/smporres.archimadrid.es\/?p=5459","title":{"rendered":"Una visita inolvidable: Los Reyes Magos en la Parroquia San Mart\u00edn de Porres"},"content":{"rendered":"\n<p>El pasado viernes 3 de enero, la parroquia San Mart\u00edn de Porres vivi\u00f3 una de las jornadas m\u00e1s especiales de este tiempo de Navidad con la esperada visita de los Reyes Magos. Participaron numerosos ni\u00f1os y j\u00f3venes del barrio, acompa\u00f1ados por sus familias, en un ambiente cargado de ilusi\u00f3n.<\/p>\n\n\n\n<p>La celebraci\u00f3n comenz\u00f3 en el templo, donde nos reunimos para escuchar la solemne proclamaci\u00f3n del Evangelio que relata la llegada de los Magos de Oriente al encuentro del Ni\u00f1o Jes\u00fas. Este momento de oraci\u00f3n nos permiti\u00f3 recordar el verdadero significado de la Epifan\u00eda: reconocer a Jes\u00fas como el Salvador de todos los pueblos.<\/p>\n\n\n\n<figure class=\"wp-block-image size-large\"><img loading=\"lazy\" decoding=\"async\" width=\"1024\" height=\"1024\" src=\"https:\/\/smporres.archimadrid.es\/wp-content\/uploads\/2025\/01\/reyes-2025-1024x1024.jpg\" alt=\"\" class=\"wp-image-5464\" srcset=\"https:\/\/smporres.archimadrid.es\/wp-content\/uploads\/2025\/01\/reyes-2025-1024x1024.jpg 1024w, https:\/\/smporres.archimadrid.es\/wp-content\/uploads\/2025\/01\/reyes-2025-300x300.jpg 300w, https:\/\/smporres.archimadrid.es\/wp-content\/uploads\/2025\/01\/reyes-2025-150x150.jpg 150w, https:\/\/smporres.archimadrid.es\/wp-content\/uploads\/2025\/01\/reyes-2025-768x768.jpg 768w, https:\/\/smporres.archimadrid.es\/wp-content\/uploads\/2025\/01\/reyes-2025.jpg 1080w\" sizes=\"auto, (max-width: 1024px) 100vw, 1024px\" \/><\/figure>\n\n\n\n<p>Tras la lectura del Evangelio, los monitores de los campamentos prepararon un maravilloso Bel\u00e9n viviente. Vestidos de Jos\u00e9, Mar\u00eda, los \u00e1ngeles, los pastores, el buey y la mula, recrearon con dedicaci\u00f3n y detalle la escena del nacimiento. La representaci\u00f3n cobr\u00f3 a\u00fan m\u00e1s vida cuando hicieron su aparici\u00f3n los Reyes Magos, quienes se acercaron al pesebre para adorar al Ni\u00f1o y presentarle sus regalos: oro, incienso y mirra.<\/p>\n\n\n\n<p>Pero la celebraci\u00f3n no termin\u00f3 ah\u00ed. Despu\u00e9s de la adoraci\u00f3n, los Reyes Magos dedicaron tiempo a recibir a los ni\u00f1os de la parroquia. Con gran entusiasmo y cari\u00f1o, escucharon las ilusiones y deseos que los peque\u00f1os hab\u00edan plasmado en sus cartas. Mientras esto ocurr\u00eda, los asistentes acompa\u00f1aron el momento cantando villancicos, creando un ambiente festivo y c\u00e1lido que reflejaba la unidad y la alegr\u00eda de nuestra comunidad.<\/p>\n\n\n\n<p>La tarde finaliz\u00f3 con la despedida de los Reyes, quienes, visiblemente emocionados, se retiraron tras haber compartido esta experiencia tan especial. Su visita no solo dej\u00f3 una huella de alegr\u00eda en los ni\u00f1os, sino tambi\u00e9n en el coraz\u00f3n de toda nuestra parroquia.<\/p>\n\n\n\n<p>Que el esp\u00edritu de los Reyes Magos, con su fe, generosidad y humildad, nos inspire a lo largo de todo el a\u00f1o. \u00a1Gracias a todos por hacer de esta celebraci\u00f3n un recuerdo inolvidable!<\/p>\n\n\n\n<p><\/p>\n\n\n\n<figure class=\"wp-block-embed is-type-video is-provider-youtube wp-block-embed-youtube wp-embed-aspect-16-9 wp-has-aspect-ratio\"><div class=\"wp-block-embed__wrapper\">\n<iframe loading=\"lazy\" title=\"VIERNES 3 DE ENERO DE 2025. VISITA DE LOS REYES MAGOS.\" width=\"780\" height=\"439\" src=\"https:\/\/www.youtube.com\/embed\/B_rAJxOuZMo?feature=oembed\" frameborder=\"0\" allow=\"accelerometer; autoplay; clipboard-write; encrypted-media; gyroscope; picture-in-picture; web-share\" referrerpolicy=\"strict-origin-when-cross-origin\" allowfullscreen><\/iframe>\n<\/div><\/figure>\n\n\n\n<figure class=\"wp-block-video\"><\/figure>\n","protected":false},"excerpt":{"rendered":"<p>El pasado viernes 3 de enero, la parroquia San Mart\u00edn de Porres vivi\u00f3 una de las jornadas m\u00e1s especiales de este tiempo de Navidad con la esperada visita de los [&hellip;]<\/p>\n","protected":false},"author":1,"featured_media":5464,"comment_status":"closed","ping_status":"closed","sticky":false,"template":"","format":"standard","meta":{"footnotes":""},"categories":[12],"tags":[],"class_list":["post-5459","post","type-post","status-publish","format-standard","has-post-thumbnail","hentry","category-noticias"],"_links":{"self":[{"href":"https:\/\/smporres.archimadrid.es\/index.php?rest_route=\/wp\/v2\/posts\/5459","targetHints":{"allow":["GET"]}}],"collection":[{"href":"https:\/\/smporres.archimadrid.es\/index.php?rest_route=\/wp\/v2\/posts"}],"about":[{"href":"https:\/\/smporres.archimadrid.es\/index.php?rest_route=\/wp\/v2\/types\/post"}],"author":[{"embeddable":true,"href":"https:\/\/smporres.archimadrid.es\/index.php?rest_route=\/wp\/v2\/users\/1"}],"replies":[{"embeddable":true,"href":"https:\/\/smporres.archimadrid.es\/index.php?rest_route=%2Fwp%2Fv2%2Fcomments&post=5459"}],"version-history":[{"count":3,"href":"https:\/\/smporres.archimadrid.es\/index.php?rest_route=\/wp\/v2\/posts\/5459\/revisions"}],"predecessor-version":[{"id":5465,"href":"https:\/\/smporres.archimadrid.es\/index.php?rest_route=\/wp\/v2\/posts\/5459\/revisions\/5465"}],"wp:featuredmedia":[{"embeddable":true,"href":"https:\/\/smporres.archimadrid.es\/index.php?rest_route=\/wp\/v2\/media\/5464"}],"wp:attachment":[{"href":"https:\/\/smporres.archimadrid.es\/index.php?rest_route=%2Fwp%2Fv2%2Fmedia&parent=5459"}],"wp:term":[{"taxonomy":"category","embeddable":true,"href":"https:\/\/smporres.archimadrid.es\/index.php?rest_route=%2Fwp%2Fv2%2Fcategories&post=5459"},{"taxonomy":"post_tag","embeddable":true,"href":"https:\/\/smporres.archimadrid.es\/index.php?rest_route=%2Fwp%2Fv2%2Ftags&post=5459"}],"curies":[{"name":"wp","href":"https:\/\/api.w.org\/{rel}","templated":true}]}}