{"id":2764,"date":"2019-05-19T15:48:31","date_gmt":"2019-05-19T13:48:31","guid":{"rendered":"https:\/\/smporres.archimadrid.es\/?p=2764"},"modified":"2019-08-19T13:53:47","modified_gmt":"2019-08-19T11:53:47","slug":"el-kerigma-resuena-en-hortaleza","status":"publish","type":"post","link":"https:\/\/smporres.archimadrid.es\/?p=2764","title":{"rendered":"El Kerigma resuena en Hortaleza"},"content":{"rendered":"\n<p>Despu\u00e9s de curar a un paral\u00edtico, Pedro y Juan anunciaron a los jud\u00edos el evangelio, y muchos se convirtieron. Los sumos sacerdotes les hicieron arrestar y les interrogaron, pregunt\u00e1ndoles por qu\u00e9 hac\u00edan esto. Esta fue la respuesta de Pedro:<\/p>\n\n\n\n<p><em>Entonces Pedro, lleno del Esp\u00edritu Santo, les dijo: \u00abJefes del pueblo y ancianos,&nbsp;puesto que con motivo de la obra realizada en un enfermo somos hoy interrogados por qui\u00e9n ha sido \u00e9ste curado, sabed todos vosotros y todo el pueblo de Israel que ha sido por el nombre de Jesucristo, el Nazoreo, a quien vosotros crucificasteis y a quien Dios resucit\u00f3 de entre los muertos; por su nombre y no por ning\u00fan otro se presenta \u00e9ste aqu\u00ed sano delante de vosotros. El es la piedra que vosotros, los constructores, hab\u00e9is despreciado y que se ha convertido en piedra angular. Porque no hay bajo el cielo otro nombre dado a los hombres por el que nosotros debamos salvarnos.\u00bb (Hch 4, 7-12)<\/em><\/p>\n\n\n\n<figure class=\"wp-block-image\"><img loading=\"lazy\" decoding=\"async\" width=\"4032\" height=\"3024\" src=\"https:\/\/i2.wp.com\/smporres.archimadrid.es\/wp-content\/uploads\/2019\/05\/D293AE78-EEF0-4EA8-841D-8F94E625EB03.jpeg?fit=780%2C585&amp;ssl=1\" alt=\"\" class=\"wp-image-2774\" srcset=\"https:\/\/smporres.archimadrid.es\/wp-content\/uploads\/2019\/05\/D293AE78-EEF0-4EA8-841D-8F94E625EB03.jpeg 4032w, https:\/\/smporres.archimadrid.es\/wp-content\/uploads\/2019\/05\/D293AE78-EEF0-4EA8-841D-8F94E625EB03-300x225.jpeg 300w, https:\/\/smporres.archimadrid.es\/wp-content\/uploads\/2019\/05\/D293AE78-EEF0-4EA8-841D-8F94E625EB03-768x576.jpeg 768w, https:\/\/smporres.archimadrid.es\/wp-content\/uploads\/2019\/05\/D293AE78-EEF0-4EA8-841D-8F94E625EB03-1024x768.jpeg 1024w\" sizes=\"auto, (max-width: 4032px) 100vw, 4032px\" \/><\/figure>\n\n\n\n<p>El <em><strong>Kerigma<\/strong><\/em><strong> <\/strong>es una buena noticia, es el anuncio de la salvaci\u00f3n, de la felicidad, para todo aquel que crea este anuncio: Que Cristo ha muerto por nuestros pecados, que est\u00e1 resucitado, que se apareci\u00f3 a los ap\u00f3stoles, que ha vencido a la muerte, y que nos ofrece la vida eterna gratis porque nos ama, nos ama as\u00ed como somos, con nuestros pecados y nuestras miserias. <\/p>\n\n\n\n<figure class=\"wp-block-image\"><img loading=\"lazy\" decoding=\"async\" width=\"4032\" height=\"3024\" src=\"https:\/\/i2.wp.com\/smporres.archimadrid.es\/wp-content\/uploads\/2019\/05\/30CBC1B0-7563-4394-B435-A3BCCCEB99D9.jpeg?fit=780%2C585&amp;ssl=1\" alt=\"\" class=\"wp-image-2767\" srcset=\"https:\/\/smporres.archimadrid.es\/wp-content\/uploads\/2019\/05\/30CBC1B0-7563-4394-B435-A3BCCCEB99D9.jpeg 4032w, https:\/\/smporres.archimadrid.es\/wp-content\/uploads\/2019\/05\/30CBC1B0-7563-4394-B435-A3BCCCEB99D9-300x225.jpeg 300w, https:\/\/smporres.archimadrid.es\/wp-content\/uploads\/2019\/05\/30CBC1B0-7563-4394-B435-A3BCCCEB99D9-768x576.jpeg 768w, https:\/\/smporres.archimadrid.es\/wp-content\/uploads\/2019\/05\/30CBC1B0-7563-4394-B435-A3BCCCEB99D9-1024x768.jpeg 1024w\" sizes=\"auto, (max-width: 4032px) 100vw, 4032px\" \/><\/figure>\n\n\n\n<p>De esto han dado testimonio, durante cuatro domingos, numerosas personas de la parroquia: Paola, que sufri\u00f3 el asesinato de su marido hace a\u00f1os y que ha podido perdonar; Ricardo era alcoh\u00f3lico y Dios le concedi\u00f3 dejar de beber y reconstruy\u00f3 su familia; Juan, con 14 a\u00f1os, vio morir a su t\u00edo Miguel de c\u00e1ncer con tan solo 20 a\u00f1os como un santo, eso uni\u00f3 a su familia y vio que Dios le llama a ser sacerdote, Marcos, un chico rebelde, que se encontr\u00f3 con el amor de Cristo en los campamentos de la Parroquia y ahora forma parte de una Comunidad Neocatecumenal, es Monitor de Campamentos y forma parte de los grupos de j\u00f3venes de la parroquia; Conchi, Jacinto, M\u00aa Cruz, Iv\u00e1n, Resu&#8230; muchos han sido los que, temblando, se han subido a la tarima roja y han contado los milagros que han visto. <\/p>\n\n\n\n<figure class=\"wp-block-image\"><img loading=\"lazy\" decoding=\"async\" width=\"1600\" height=\"1200\" src=\"https:\/\/i2.wp.com\/smporres.archimadrid.es\/wp-content\/uploads\/2019\/05\/C78478EC-4449-4E67-B669-13EA9BCA5630.jpeg?fit=780%2C585&amp;ssl=1\" alt=\"\" class=\"wp-image-2768\" srcset=\"https:\/\/smporres.archimadrid.es\/wp-content\/uploads\/2019\/05\/C78478EC-4449-4E67-B669-13EA9BCA5630.jpeg 1600w, https:\/\/smporres.archimadrid.es\/wp-content\/uploads\/2019\/05\/C78478EC-4449-4E67-B669-13EA9BCA5630-300x225.jpeg 300w, https:\/\/smporres.archimadrid.es\/wp-content\/uploads\/2019\/05\/C78478EC-4449-4E67-B669-13EA9BCA5630-768x576.jpeg 768w, https:\/\/smporres.archimadrid.es\/wp-content\/uploads\/2019\/05\/C78478EC-4449-4E67-B669-13EA9BCA5630-1024x768.jpeg 1024w\" sizes=\"auto, (max-width: 1600px) 100vw, 1600px\" \/><\/figure>\n\n\n\n<p>Todav\u00eda queda un d\u00eda, el pr\u00f3ximo domingo 26, all\u00ed estaremos, en la plaza, para seguir anunciando el amor de Dios a quien lo quiera recibir. <\/p>\n\n\n\n<h2 class=\"wp-block-heading\">\u00a1Ven a escuchar esta buena noticia!<\/h2>\n","protected":false},"excerpt":{"rendered":"<p>Despu\u00e9s de curar a un paral\u00edtico, Pedro y Juan anunciaron a los jud\u00edos el evangelio, y muchos se convirtieron. Los sumos sacerdotes les hicieron arrestar y les interrogaron, pregunt\u00e1ndoles por [&hellip;]<\/p>\n","protected":false},"author":1,"featured_media":2766,"comment_status":"closed","ping_status":"closed","sticky":false,"template":"","format":"standard","meta":{"footnotes":""},"categories":[12],"tags":[38,39,98,71,24,61],"class_list":["post-2764","post","type-post","status-publish","format-standard","has-post-thumbnail","hentry","category-noticias","tag-camino-neocatecumenal","tag-comunidades-en-mision","tag-evangelizacion","tag-kerigma","tag-mision","tag-pascua"],"_links":{"self":[{"href":"https:\/\/smporres.archimadrid.es\/index.php?rest_route=\/wp\/v2\/posts\/2764","targetHints":{"allow":["GET"]}}],"collection":[{"href":"https:\/\/smporres.archimadrid.es\/index.php?rest_route=\/wp\/v2\/posts"}],"about":[{"href":"https:\/\/smporres.archimadrid.es\/index.php?rest_route=\/wp\/v2\/types\/post"}],"author":[{"embeddable":true,"href":"https:\/\/smporres.archimadrid.es\/index.php?rest_route=\/wp\/v2\/users\/1"}],"replies":[{"embeddable":true,"href":"https:\/\/smporres.archimadrid.es\/index.php?rest_route=%2Fwp%2Fv2%2Fcomments&post=2764"}],"version-history":[{"count":5,"href":"https:\/\/smporres.archimadrid.es\/index.php?rest_route=\/wp\/v2\/posts\/2764\/revisions"}],"predecessor-version":[{"id":2775,"href":"https:\/\/smporres.archimadrid.es\/index.php?rest_route=\/wp\/v2\/posts\/2764\/revisions\/2775"}],"wp:featuredmedia":[{"embeddable":true,"href":"https:\/\/smporres.archimadrid.es\/index.php?rest_route=\/wp\/v2\/media\/2766"}],"wp:attachment":[{"href":"https:\/\/smporres.archimadrid.es\/index.php?rest_route=%2Fwp%2Fv2%2Fmedia&parent=2764"}],"wp:term":[{"taxonomy":"category","embeddable":true,"href":"https:\/\/smporres.archimadrid.es\/index.php?rest_route=%2Fwp%2Fv2%2Fcategories&post=2764"},{"taxonomy":"post_tag","embeddable":true,"href":"https:\/\/smporres.archimadrid.es\/index.php?rest_route=%2Fwp%2Fv2%2Ftags&post=2764"}],"curies":[{"name":"wp","href":"https:\/\/api.w.org\/{rel}","templated":true}]}}