{"id":1238,"date":"2018-05-23T13:31:45","date_gmt":"2018-05-23T11:31:45","guid":{"rendered":"https:\/\/smporres.archimadrid.es\/?p=1238"},"modified":"2019-08-14T16:28:36","modified_gmt":"2019-08-14T14:28:36","slug":"horario-de-verano","status":"publish","type":"post","link":"https:\/\/smporres.archimadrid.es\/?p=1238","title":{"rendered":"Horario de verano"},"content":{"rendered":"<blockquote>\n<p style=\"text-align: center;\">El pr\u00f3ximo viernes 1 de junio comenzamos el horario de verano:<\/p>\n<\/blockquote>\n<ul>\n<li>La misa diaria de 19:00 h pasa a las 20:00 h<\/li>\n<li>C\u00e1ritas permanecer\u00e1 abierto hasta final de junio, luego cerrar\u00e1 hasta septiembre. Las urgencias se atender\u00e1n en C\u00e1ritas arciprestal.<\/li>\n<li>El despacho se abrir\u00e1 cuando se solicite, en el tel\u00e9fono parroquial.<\/li>\n<li>Las catequesis de Comuni\u00f3n \u00a0acaban esta semana, las de Confirmaci\u00f3n y Postconfirmaci\u00f3n a finales de junio, con las convivencias respectivas.<\/li>\n<li>La celebraci\u00f3n de la Palabra ser\u00e1 los mi\u00e9rcoles a las 21:00 h en julio y agosto.<\/li>\n<li>Las Eucarist\u00edas del Camino Neocatecumenal ser\u00e1n a las 18:00 y 21:00 h en junio y septiembre, y a las 21:00 h en julio y agosto.<\/li>\n<\/ul>\n<p><img loading=\"lazy\" decoding=\"async\" class=\"aligncenter size-large wp-image-1246\" src=\"https:\/\/smporres.archimadrid.es\/wp-content\/uploads\/2018\/05\/horario-verano-2018-683x1024.jpg\" alt=\"\" width=\"683\" height=\"1024\" srcset=\"https:\/\/smporres.archimadrid.es\/wp-content\/uploads\/2018\/05\/horario-verano-2018-683x1024.jpg 683w, https:\/\/smporres.archimadrid.es\/wp-content\/uploads\/2018\/05\/horario-verano-2018-200x300.jpg 200w, https:\/\/smporres.archimadrid.es\/wp-content\/uploads\/2018\/05\/horario-verano-2018-768x1152.jpg 768w\" sizes=\"auto, (max-width: 683px) 100vw, 683px\" \/><\/p>\n","protected":false},"excerpt":{"rendered":"<p>El pr\u00f3ximo viernes 1 de junio comenzamos el horario de verano: La misa diaria de 19:00 h pasa a las 20:00 h C\u00e1ritas permanecer\u00e1 abierto hasta final de junio, luego [&hellip;]<\/p>\n","protected":false},"author":1,"featured_media":1249,"comment_status":"closed","ping_status":"closed","sticky":false,"template":"","format":"standard","meta":{"footnotes":""},"categories":[12],"tags":[13,34,101],"class_list":["post-1238","post","type-post","status-publish","format-standard","has-post-thumbnail","hentry","category-noticias","tag-horario","tag-misas","tag-verano"],"_links":{"self":[{"href":"https:\/\/smporres.archimadrid.es\/index.php?rest_route=\/wp\/v2\/posts\/1238","targetHints":{"allow":["GET"]}}],"collection":[{"href":"https:\/\/smporres.archimadrid.es\/index.php?rest_route=\/wp\/v2\/posts"}],"about":[{"href":"https:\/\/smporres.archimadrid.es\/index.php?rest_route=\/wp\/v2\/types\/post"}],"author":[{"embeddable":true,"href":"https:\/\/smporres.archimadrid.es\/index.php?rest_route=\/wp\/v2\/users\/1"}],"replies":[{"embeddable":true,"href":"https:\/\/smporres.archimadrid.es\/index.php?rest_route=%2Fwp%2Fv2%2Fcomments&post=1238"}],"version-history":[{"count":7,"href":"https:\/\/smporres.archimadrid.es\/index.php?rest_route=\/wp\/v2\/posts\/1238\/revisions"}],"predecessor-version":[{"id":1250,"href":"https:\/\/smporres.archimadrid.es\/index.php?rest_route=\/wp\/v2\/posts\/1238\/revisions\/1250"}],"wp:featuredmedia":[{"embeddable":true,"href":"https:\/\/smporres.archimadrid.es\/index.php?rest_route=\/wp\/v2\/media\/1249"}],"wp:attachment":[{"href":"https:\/\/smporres.archimadrid.es\/index.php?rest_route=%2Fwp%2Fv2%2Fmedia&parent=1238"}],"wp:term":[{"taxonomy":"category","embeddable":true,"href":"https:\/\/smporres.archimadrid.es\/index.php?rest_route=%2Fwp%2Fv2%2Fcategories&post=1238"},{"taxonomy":"post_tag","embeddable":true,"href":"https:\/\/smporres.archimadrid.es\/index.php?rest_route=%2Fwp%2Fv2%2Ftags&post=1238"}],"curies":[{"name":"wp","href":"https:\/\/api.w.org\/{rel}","templated":true}]}}